{"id":735,"date":"2023-03-26T22:24:15","date_gmt":"2023-03-26T20:24:15","guid":{"rendered":"https:\/\/cuisine.william-bruder.fr\/?p=735"},"modified":"2023-03-26T22:24:15","modified_gmt":"2023-03-26T20:24:15","slug":"gateau-aux-poires-et-au-chocolat","status":"publish","type":"post","link":"https:\/\/cuisine.william-bruder.fr\/?p=735","title":{"rendered":"G\u00e2teau aux poires et au chocolat"},"content":{"rendered":"\n<p><strong>Ingr\u00e9dients<\/strong><\/p>\n\n\n\n<ul class=\"wp-block-list\">\n<li>    3 \u0153ufs<\/li>\n\n\n\n<li>\u00a0\u00a0\u00a0 150 g de chocolat noir<\/li>\n\n\n\n<li>\u00a0\u00a0\u00a0 200 g de tofu soyeux<\/li>\n\n\n\n<li>\u00a0\u00a0 \u00a04 poires<\/li>\n\n\n\n<li>\u00a0\u00a0\u00a0 50 g d&rsquo;amandes en poudre<\/li>\n\n\n\n<li>\u00a0\u00a0\u00a0 60 g de sucre<\/li>\n\n\n\n<li>\u00a0\u00a0\u00a0 60 g de farine de bl\u00e9<\/li>\n\n\n\n<li>\u00a0\u00a0 1\/2 sachet de levure<\/li>\n\n\n\n<li>   1 sachet de sucre vanill\u00e9<\/li>\n\n\n\n<li>\u00a0\u00a0\u00a0 1 pinc\u00e9e de sel<\/li>\n\n\n\n<li>\u00a0\u00a0\u00a0 1 cuill\u00e8re soupe de rhum (facultatif)<\/li>\n<\/ul>\n\n\n\n<p><strong>Pr\u00e9paration<\/strong><\/p>\n\n\n\n<p>Pr\u00e9chauffer le four \u00e0 200\u00b0<\/p>\n\n\n\n<p>\u00a0Dans un bol, battre les \u0153ufs. Ajouter le sucre, la farine, le tofu, la vanille, le rhum, une pinc\u00e9e de sel, la poudre d&rsquo;amandes et la levure.<br>Faire fondre le chocolat et l&rsquo;ajouter \u00e0 la pr\u00e9paration. Bien m\u00e9langer.<br>Beurrer un moule et verser \u00a0la p\u00e2te.<br>\u00c9plucher les poires et les couper en quartiers. Les disposer sur la p\u00e2te en les enfon\u00e7ant l\u00e9g\u00e8rement.  Parsemer d\u2019amand\u00e9s effil\u00e9es.<br>Cuire pendant 35 minutes environ.<\/p>\n\n\n\n<p>Variante&nbsp;: d\u00e9couper les poires en d\u00e9s et les incorporer dans la p\u00e2te avant de verser celle-ci dans le moule<\/p>\n","protected":false},"excerpt":{"rendered":"<p>Ingr\u00e9dients Pr\u00e9paration Pr\u00e9chauffer le four \u00e0 200\u00b0 \u00a0Dans un bol, battre les \u0153ufs. Ajouter le sucre, la farine, le tofu, la vanille, le rhum, une pinc\u00e9e de sel, la poudre d&rsquo;amandes et la levure.Faire fondre le chocolat et l&rsquo;ajouter \u00e0 la pr\u00e9paration. Bien m\u00e9langer.Beurrer un moule et verser \u00a0la p\u00e2te.\u00c9plucher les poires et les couper &hellip; <a href=\"https:\/\/cuisine.william-bruder.fr\/?p=735\" class=\"more-link\">Continuer la lecture de <span class=\"screen-reader-text\">G\u00e2teau aux poires et au chocolat<\/span>  <span class=\"meta-nav\">&rarr;<\/span><\/a><\/p>\n","protected":false},"author":4,"featured_media":0,"comment_status":"open","ping_status":"open","sticky":false,"template":"","format":"standard","meta":{"footnotes":""},"categories":[3],"tags":[32,127],"class_list":["post-735","post","type-post","status-publish","format-standard","hentry","category-desserts","tag-chocolat","tag-tofu-soyeux"],"_links":{"self":[{"href":"https:\/\/cuisine.william-bruder.fr\/index.php?rest_route=\/wp\/v2\/posts\/735","targetHints":{"allow":["GET"]}}],"collection":[{"href":"https:\/\/cuisine.william-bruder.fr\/index.php?rest_route=\/wp\/v2\/posts"}],"about":[{"href":"https:\/\/cuisine.william-bruder.fr\/index.php?rest_route=\/wp\/v2\/types\/post"}],"author":[{"embeddable":true,"href":"https:\/\/cuisine.william-bruder.fr\/index.php?rest_route=\/wp\/v2\/users\/4"}],"replies":[{"embeddable":true,"href":"https:\/\/cuisine.william-bruder.fr\/index.php?rest_route=%2Fwp%2Fv2%2Fcomments&post=735"}],"version-history":[{"count":3,"href":"https:\/\/cuisine.william-bruder.fr\/index.php?rest_route=\/wp\/v2\/posts\/735\/revisions"}],"predecessor-version":[{"id":738,"href":"https:\/\/cuisine.william-bruder.fr\/index.php?rest_route=\/wp\/v2\/posts\/735\/revisions\/738"}],"wp:attachment":[{"href":"https:\/\/cuisine.william-bruder.fr\/index.php?rest_route=%2Fwp%2Fv2%2Fmedia&parent=735"}],"wp:term":[{"taxonomy":"category","embeddable":true,"href":"https:\/\/cuisine.william-bruder.fr\/index.php?rest_route=%2Fwp%2Fv2%2Fcategories&post=735"},{"taxonomy":"post_tag","embeddable":true,"href":"https:\/\/cuisine.william-bruder.fr\/index.php?rest_route=%2Fwp%2Fv2%2Ftags&post=735"}],"curies":[{"name":"wp","href":"https:\/\/api.w.org\/{rel}","templated":true}]}}